{"id":152,"date":"2023-05-08T09:03:38","date_gmt":"2023-05-08T07:03:38","guid":{"rendered":"https:\/\/colchonesdormidan.com\/blog\/?p=152"},"modified":"2023-05-08T09:03:38","modified_gmt":"2023-05-08T07:03:38","slug":"el-vinculo-entre-la-melatonina-y-el-sueno","status":"publish","type":"post","link":"https:\/\/colchonesdormidan.com\/blog\/el-vinculo-entre-la-melatonina-y-el-sueno\/","title":{"rendered":"El v\u00ednculo entre la melatonina y el sue\u00f1o"},"content":{"rendered":"\n<figure class=\"wp-block-image size-full\"><img loading=\"lazy\" decoding=\"async\" width=\"1023\" height=\"493\" src=\"https:\/\/colchonesdormidan.com\/blog\/wp-content\/uploads\/2023\/05\/image-18.png\" alt=\"melatonina y sue\u00f1o\" class=\"wp-image-153\" srcset=\"https:\/\/colchonesdormidan.com\/blog\/wp-content\/uploads\/2023\/05\/image-18.png 1023w, https:\/\/colchonesdormidan.com\/blog\/wp-content\/uploads\/2023\/05\/image-18-300x145.png 300w, https:\/\/colchonesdormidan.com\/blog\/wp-content\/uploads\/2023\/05\/image-18-768x370.png 768w, https:\/\/colchonesdormidan.com\/blog\/wp-content\/uploads\/2023\/05\/image-18-560x270.png 560w\" sizes=\"auto, (max-width: 1023px) 100vw, 1023px\" \/><\/figure>\n\n\n\n<p>Investigadores, dirigidos por uno de origen indio, descubrieron que la hormona melatonina promueve el sue\u00f1o mediante la supresi\u00f3n de las neuronas responsables de mantenernos despiertos, un descubrimiento que puede conducir a una nueva terapia para el insomnio .<\/p>\n\n\n\n<p>\u00abComo sociedad, estamos perdiendo el sue\u00f1o porque estamos trabajando demasiado y estamos causando una variedad de problemas de salud\u00bb, dijo el autor principal, Mahesh Thakkar, de la Universidad de Missouri.<\/p>\n\n\n\n<p>\u00abA menudo ni siquiera pensamos en dormir o lo consideramos importante. Sin embargo, no hay nada m\u00e1s importante que dormir. Necesitamos enfocarnos en terapias que puedan ayudarlo a tener un sue\u00f1o de calidad, no solo a dormir \u00ab, agreg\u00f3 Thakkar.<\/p>\n\n\n\n<p>En el estudio, publicado en Journal of Pineal Research, el equipo utiliz\u00f3 un modelo de rat\u00f3n y descubri\u00f3 que cuando la melatonina se infunde en el cerebro de un rat\u00f3n despierto y activo en la oscuridad, aumenta el sue\u00f1o y reduce su actividad al suprimir ciertas neuronas espec\u00edficas que estimulan el cerebro para mantenerse despierto.<\/p>\n\n\n\n<p>Tambi\u00e9n demostr\u00f3 que el bloqueo de los receptores de melatonina en el cerebro durante la hora de acostarse aumentaba la vigilia.<\/p>\n\n\n\n<p>Los experimentos se centraron en un receptor, MT1, como el mecanismo mediante el cual la melatonina act\u00faa para inhibir las neuronas espec\u00edficas de orexina que te despiertan.<\/p>\n\n\n\n<p>Este descubrimiento tambi\u00e9n puede ayudar a desarrollar medicamentos que se dirijan solo al receptor MT1 en lugar de receptores m\u00faltiples, lo que podr\u00eda provocar menos efectos secundarios para quienes toman medicamentos que promueven el sue\u00f1o .<\/p>\n\n\n\n<p>\u00abLa melatonina se ha utilizado como medicamento para dormir durante muchos a\u00f1os, pero la gente no sab\u00eda c\u00f3mo funcionaba. Nuestra investigaci\u00f3n sugiere que si te enfocas en el receptor MT1 de la melatonina, obtendr\u00e1s la mayor cantidad de sue\u00f1o con m\u00ednimos efectos secundarios \u00ab, explic\u00f3 Thakkar.<\/p>\n\n\n\n<p>El insomnio es un trastorno del sue\u00f1o que afecta a millones de personas en todo el mundo, y se asocia con una variedad de problemas de salud, como la fatiga, la depresi\u00f3n y la ansiedad. Aunque hay una variedad de tratamientos disponibles, muchos de ellos tienen efectos secundarios significativos, como la somnolencia diurna, lo que limita su utilidad. El descubrimiento de que la melatonina act\u00faa sobre un receptor espec\u00edfico para promover el sue\u00f1o sugiere que se pueden desarrollar tratamientos m\u00e1s espec\u00edficos y efectivos para el insomnio en el futuro.<\/p>\n\n\n\n<p>Adem\u00e1s de ser un potencial tratamiento para el insomnio, el descubrimiento de la melatonina tambi\u00e9n puede tener implicaciones para la prevenci\u00f3n y el tratamiento de otros trastornos del sue\u00f1o, como la apnea del sue\u00f1o y el s\u00edndrome de piernas inquietas. Estos trastornos a menudo se asocian con interrupciones en el sue\u00f1o, y los tratamientos actuales son limitados en su efectividad. El enfoque en un receptor espec\u00edfico de la melatonina podr\u00eda conducir a tratamientos m\u00e1s efectivos y espec\u00edficos para estos trastornos.<\/p>\n\n\n\n<p>La importancia del sue\u00f1o para la salud f\u00edsica y mental ha sido cada vez m\u00e1s reconocida en los \u00faltimos a\u00f1os, y la investigaci\u00f3n sobre la melatonina y otros aspectos del sue\u00f1o es un \u00e1rea activa de investigaci\u00f3n. La comprensi\u00f3n de c\u00f3mo funciona la melatonina para promover el sue\u00f1o podr\u00eda llevar a una mejor comprensi\u00f3n de otros aspectos del sue\u00f1o, y eventualmente a terapias m\u00e1s efectivas para una variedad de problemas de sue\u00f1o y trastornos relacionados.<\/p>\n","protected":false},"excerpt":{"rendered":"<p>Investigadores, dirigidos por uno de origen indio, descubrieron que la hormona melatonina promueve el sue\u00f1o mediante la supresi\u00f3n de las neuronas responsables de mantenernos despiertos, un descubrimiento que puede conducir a una nueva terapia para el insomnio . \u00abComo sociedad, estamos perdiendo el sue\u00f1o porque estamos trabajando demasiado y estamos causando una variedad de problemas &#8230; <a title=\"El v\u00ednculo entre la melatonina y el sue\u00f1o\" class=\"read-more\" href=\"https:\/\/colchonesdormidan.com\/blog\/el-vinculo-entre-la-melatonina-y-el-sueno\/\" aria-label=\"M\u00e1s en El v\u00ednculo entre la melatonina y el sue\u00f1o\">Leer m\u00e1s<\/a><\/p>\n","protected":false},"author":1,"featured_media":0,"comment_status":"closed","ping_status":"","sticky":false,"template":"","format":"standard","meta":{"footnotes":""},"categories":[7],"tags":[],"class_list":["post-152","post","type-post","status-publish","format-standard","hentry","category-sueno-y-descanso"],"yoast_head":"<!-- This site is optimized with the Yoast SEO plugin v24.1 - https:\/\/yoast.com\/wordpress\/plugins\/seo\/ -->\n<title>El v\u00ednculo entre la melatonina y el sue\u00f1o - Dormid\u00e1n<\/title>\n<meta name=\"robots\" content=\"index, follow, max-snippet:-1, max-image-preview:large, max-video-preview:-1\" \/>\n<link rel=\"canonical\" href=\"https:\/\/colchonesdormidan.com\/blog\/el-vinculo-entre-la-melatonina-y-el-sueno\/\" \/>\n<meta property=\"og:locale\" content=\"es_ES\" \/>\n<meta property=\"og:type\" content=\"article\" \/>\n<meta property=\"og:title\" content=\"El v\u00ednculo entre la melatonina y el sue\u00f1o - Dormid\u00e1n\" \/>\n<meta property=\"og:description\" content=\"Investigadores, dirigidos por uno de origen indio, descubrieron que la hormona melatonina promueve el sue\u00f1o mediante la supresi\u00f3n de las neuronas responsables de mantenernos despiertos, un descubrimiento que puede conducir a una nueva terapia para el insomnio . \u00abComo sociedad, estamos perdiendo el sue\u00f1o porque estamos trabajando demasiado y estamos causando una variedad de problemas ... Leer m\u00e1s\" \/>\n<meta property=\"og:url\" content=\"https:\/\/colchonesdormidan.com\/blog\/el-vinculo-entre-la-melatonina-y-el-sueno\/\" \/>\n<meta property=\"og:site_name\" content=\"Dormid\u00e1n\" \/>\n<meta property=\"article:published_time\" content=\"2023-05-08T07:03:38+00:00\" \/>\n<meta property=\"og:image\" content=\"https:\/\/colchonesdormidan.com\/blog\/wp-content\/uploads\/2023\/05\/image-18.png\" \/>\n<meta name=\"author\" content=\"Dormidan\" \/>\n<meta name=\"twitter:card\" content=\"summary_large_image\" \/>\n<meta name=\"twitter:label1\" content=\"Escrito por\" \/>\n\t<meta name=\"twitter:data1\" content=\"Dormidan\" \/>\n\t<meta name=\"twitter:label2\" content=\"Tiempo de lectura\" \/>\n\t<meta name=\"twitter:data2\" content=\"3 minutos\" \/>\n<script type=\"application\/ld+json\" class=\"yoast-schema-graph\">{\"@context\":\"https:\/\/schema.org\",\"@graph\":[{\"@type\":\"Article\",\"@id\":\"https:\/\/colchonesdormidan.com\/blog\/el-vinculo-entre-la-melatonina-y-el-sueno\/#article\",\"isPartOf\":{\"@id\":\"https:\/\/colchonesdormidan.com\/blog\/el-vinculo-entre-la-melatonina-y-el-sueno\/\"},\"author\":{\"name\":\"Dormidan\",\"@id\":\"https:\/\/colchonesdormidan.com\/blog\/#\/schema\/person\/f90801b042dfe216fb8cf1c66234bb34\"},\"headline\":\"El v\u00ednculo entre la melatonina y el sue\u00f1o\",\"datePublished\":\"2023-05-08T07:03:38+00:00\",\"dateModified\":\"2023-05-08T07:03:38+00:00\",\"mainEntityOfPage\":{\"@id\":\"https:\/\/colchonesdormidan.com\/blog\/el-vinculo-entre-la-melatonina-y-el-sueno\/\"},\"wordCount\":599,\"publisher\":{\"@id\":\"https:\/\/colchonesdormidan.com\/blog\/#organization\"},\"image\":{\"@id\":\"https:\/\/colchonesdormidan.com\/blog\/el-vinculo-entre-la-melatonina-y-el-sueno\/#primaryimage\"},\"thumbnailUrl\":\"https:\/\/colchonesdormidan.com\/blog\/wp-content\/uploads\/2023\/05\/image-18.png\",\"articleSection\":[\"Sue\u00f1o y descanso\"],\"inLanguage\":\"es\"},{\"@type\":\"WebPage\",\"@id\":\"https:\/\/colchonesdormidan.com\/blog\/el-vinculo-entre-la-melatonina-y-el-sueno\/\",\"url\":\"https:\/\/colchonesdormidan.com\/blog\/el-vinculo-entre-la-melatonina-y-el-sueno\/\",\"name\":\"El v\u00ednculo entre la melatonina y el sue\u00f1o - Dormid\u00e1n\",\"isPartOf\":{\"@id\":\"https:\/\/colchonesdormidan.com\/blog\/#website\"},\"primaryImageOfPage\":{\"@id\":\"https:\/\/colchonesdormidan.com\/blog\/el-vinculo-entre-la-melatonina-y-el-sueno\/#primaryimage\"},\"image\":{\"@id\":\"https:\/\/colchonesdormidan.com\/blog\/el-vinculo-entre-la-melatonina-y-el-sueno\/#primaryimage\"},\"thumbnailUrl\":\"https:\/\/colchonesdormidan.com\/blog\/wp-content\/uploads\/2023\/05\/image-18.png\",\"datePublished\":\"2023-05-08T07:03:38+00:00\",\"dateModified\":\"2023-05-08T07:03:38+00:00\",\"breadcrumb\":{\"@id\":\"https:\/\/colchonesdormidan.com\/blog\/el-vinculo-entre-la-melatonina-y-el-sueno\/#breadcrumb\"},\"inLanguage\":\"es\",\"potentialAction\":[{\"@type\":\"ReadAction\",\"target\":[\"https:\/\/colchonesdormidan.com\/blog\/el-vinculo-entre-la-melatonina-y-el-sueno\/\"]}]},{\"@type\":\"ImageObject\",\"inLanguage\":\"es\",\"@id\":\"https:\/\/colchonesdormidan.com\/blog\/el-vinculo-entre-la-melatonina-y-el-sueno\/#primaryimage\",\"url\":\"https:\/\/colchonesdormidan.com\/blog\/wp-content\/uploads\/2023\/05\/image-18.png\",\"contentUrl\":\"https:\/\/colchonesdormidan.com\/blog\/wp-content\/uploads\/2023\/05\/image-18.png\",\"width\":1023,\"height\":493},{\"@type\":\"BreadcrumbList\",\"@id\":\"https:\/\/colchonesdormidan.com\/blog\/el-vinculo-entre-la-melatonina-y-el-sueno\/#breadcrumb\",\"itemListElement\":[{\"@type\":\"ListItem\",\"position\":1,\"name\":\"Portada\",\"item\":\"https:\/\/colchonesdormidan.com\/blog\/\"},{\"@type\":\"ListItem\",\"position\":2,\"name\":\"El v\u00ednculo entre la melatonina y el sue\u00f1o\"}]},{\"@type\":\"WebSite\",\"@id\":\"https:\/\/colchonesdormidan.com\/blog\/#website\",\"url\":\"https:\/\/colchonesdormidan.com\/blog\/\",\"name\":\"Dormid\u00e1n\",\"description\":\"Blog de colchones, somieres, canap\u00e9s y descanso\",\"publisher\":{\"@id\":\"https:\/\/colchonesdormidan.com\/blog\/#organization\"},\"potentialAction\":[{\"@type\":\"SearchAction\",\"target\":{\"@type\":\"EntryPoint\",\"urlTemplate\":\"https:\/\/colchonesdormidan.com\/blog\/?s={search_term_string}\"},\"query-input\":{\"@type\":\"PropertyValueSpecification\",\"valueRequired\":true,\"valueName\":\"search_term_string\"}}],\"inLanguage\":\"es\"},{\"@type\":\"Organization\",\"@id\":\"https:\/\/colchonesdormidan.com\/blog\/#organization\",\"name\":\"Dormid\u00e1n\",\"url\":\"https:\/\/colchonesdormidan.com\/blog\/\",\"logo\":{\"@type\":\"ImageObject\",\"inLanguage\":\"es\",\"@id\":\"https:\/\/colchonesdormidan.com\/blog\/#\/schema\/logo\/image\/\",\"url\":\"https:\/\/colchonesdormidan.com\/blog\/wp-content\/uploads\/2023\/11\/dormidan-logo.png\",\"contentUrl\":\"https:\/\/colchonesdormidan.com\/blog\/wp-content\/uploads\/2023\/11\/dormidan-logo.png\",\"width\":300,\"height\":99,\"caption\":\"Dormid\u00e1n\"},\"image\":{\"@id\":\"https:\/\/colchonesdormidan.com\/blog\/#\/schema\/logo\/image\/\"}},{\"@type\":\"Person\",\"@id\":\"https:\/\/colchonesdormidan.com\/blog\/#\/schema\/person\/f90801b042dfe216fb8cf1c66234bb34\",\"name\":\"Dormidan\",\"image\":{\"@type\":\"ImageObject\",\"inLanguage\":\"es\",\"@id\":\"https:\/\/colchonesdormidan.com\/blog\/#\/schema\/person\/image\/\",\"url\":\"https:\/\/secure.gravatar.com\/avatar\/97a7976cb7a4128bcad99d37cffc5d783c24c104f02d61068273325875b24ecc?s=96&d=mm&r=g\",\"contentUrl\":\"https:\/\/secure.gravatar.com\/avatar\/97a7976cb7a4128bcad99d37cffc5d783c24c104f02d61068273325875b24ecc?s=96&d=mm&r=g\",\"caption\":\"Dormidan\"},\"sameAs\":[\"https:\/\/colchonesdormidan.com\/blog\"]}]}<\/script>\n<!-- \/ Yoast SEO plugin. -->","yoast_head_json":{"title":"El v\u00ednculo entre la melatonina y el sue\u00f1o - Dormid\u00e1n","robots":{"index":"index","follow":"follow","max-snippet":"max-snippet:-1","max-image-preview":"max-image-preview:large","max-video-preview":"max-video-preview:-1"},"canonical":"https:\/\/colchonesdormidan.com\/blog\/el-vinculo-entre-la-melatonina-y-el-sueno\/","og_locale":"es_ES","og_type":"article","og_title":"El v\u00ednculo entre la melatonina y el sue\u00f1o - Dormid\u00e1n","og_description":"Investigadores, dirigidos por uno de origen indio, descubrieron que la hormona melatonina promueve el sue\u00f1o mediante la supresi\u00f3n de las neuronas responsables de mantenernos despiertos, un descubrimiento que puede conducir a una nueva terapia para el insomnio . \u00abComo sociedad, estamos perdiendo el sue\u00f1o porque estamos trabajando demasiado y estamos causando una variedad de problemas ... Leer m\u00e1s","og_url":"https:\/\/colchonesdormidan.com\/blog\/el-vinculo-entre-la-melatonina-y-el-sueno\/","og_site_name":"Dormid\u00e1n","article_published_time":"2023-05-08T07:03:38+00:00","og_image":[{"url":"https:\/\/colchonesdormidan.com\/blog\/wp-content\/uploads\/2023\/05\/image-18.png","type":"","width":"","height":""}],"author":"Dormidan","twitter_card":"summary_large_image","twitter_misc":{"Escrito por":"Dormidan","Tiempo de lectura":"3 minutos"},"schema":{"@context":"https:\/\/schema.org","@graph":[{"@type":"Article","@id":"https:\/\/colchonesdormidan.com\/blog\/el-vinculo-entre-la-melatonina-y-el-sueno\/#article","isPartOf":{"@id":"https:\/\/colchonesdormidan.com\/blog\/el-vinculo-entre-la-melatonina-y-el-sueno\/"},"author":{"name":"Dormidan","@id":"https:\/\/colchonesdormidan.com\/blog\/#\/schema\/person\/f90801b042dfe216fb8cf1c66234bb34"},"headline":"El v\u00ednculo entre la melatonina y el sue\u00f1o","datePublished":"2023-05-08T07:03:38+00:00","dateModified":"2023-05-08T07:03:38+00:00","mainEntityOfPage":{"@id":"https:\/\/colchonesdormidan.com\/blog\/el-vinculo-entre-la-melatonina-y-el-sueno\/"},"wordCount":599,"publisher":{"@id":"https:\/\/colchonesdormidan.com\/blog\/#organization"},"image":{"@id":"https:\/\/colchonesdormidan.com\/blog\/el-vinculo-entre-la-melatonina-y-el-sueno\/#primaryimage"},"thumbnailUrl":"https:\/\/colchonesdormidan.com\/blog\/wp-content\/uploads\/2023\/05\/image-18.png","articleSection":["Sue\u00f1o y descanso"],"inLanguage":"es"},{"@type":"WebPage","@id":"https:\/\/colchonesdormidan.com\/blog\/el-vinculo-entre-la-melatonina-y-el-sueno\/","url":"https:\/\/colchonesdormidan.com\/blog\/el-vinculo-entre-la-melatonina-y-el-sueno\/","name":"El v\u00ednculo entre la melatonina y el sue\u00f1o - Dormid\u00e1n","isPartOf":{"@id":"https:\/\/colchonesdormidan.com\/blog\/#website"},"primaryImageOfPage":{"@id":"https:\/\/colchonesdormidan.com\/blog\/el-vinculo-entre-la-melatonina-y-el-sueno\/#primaryimage"},"image":{"@id":"https:\/\/colchonesdormidan.com\/blog\/el-vinculo-entre-la-melatonina-y-el-sueno\/#primaryimage"},"thumbnailUrl":"https:\/\/colchonesdormidan.com\/blog\/wp-content\/uploads\/2023\/05\/image-18.png","datePublished":"2023-05-08T07:03:38+00:00","dateModified":"2023-05-08T07:03:38+00:00","breadcrumb":{"@id":"https:\/\/colchonesdormidan.com\/blog\/el-vinculo-entre-la-melatonina-y-el-sueno\/#breadcrumb"},"inLanguage":"es","potentialAction":[{"@type":"ReadAction","target":["https:\/\/colchonesdormidan.com\/blog\/el-vinculo-entre-la-melatonina-y-el-sueno\/"]}]},{"@type":"ImageObject","inLanguage":"es","@id":"https:\/\/colchonesdormidan.com\/blog\/el-vinculo-entre-la-melatonina-y-el-sueno\/#primaryimage","url":"https:\/\/colchonesdormidan.com\/blog\/wp-content\/uploads\/2023\/05\/image-18.png","contentUrl":"https:\/\/colchonesdormidan.com\/blog\/wp-content\/uploads\/2023\/05\/image-18.png","width":1023,"height":493},{"@type":"BreadcrumbList","@id":"https:\/\/colchonesdormidan.com\/blog\/el-vinculo-entre-la-melatonina-y-el-sueno\/#breadcrumb","itemListElement":[{"@type":"ListItem","position":1,"name":"Portada","item":"https:\/\/colchonesdormidan.com\/blog\/"},{"@type":"ListItem","position":2,"name":"El v\u00ednculo entre la melatonina y el sue\u00f1o"}]},{"@type":"WebSite","@id":"https:\/\/colchonesdormidan.com\/blog\/#website","url":"https:\/\/colchonesdormidan.com\/blog\/","name":"Dormid\u00e1n","description":"Blog de colchones, somieres, canap\u00e9s y descanso","publisher":{"@id":"https:\/\/colchonesdormidan.com\/blog\/#organization"},"potentialAction":[{"@type":"SearchAction","target":{"@type":"EntryPoint","urlTemplate":"https:\/\/colchonesdormidan.com\/blog\/?s={search_term_string}"},"query-input":{"@type":"PropertyValueSpecification","valueRequired":true,"valueName":"search_term_string"}}],"inLanguage":"es"},{"@type":"Organization","@id":"https:\/\/colchonesdormidan.com\/blog\/#organization","name":"Dormid\u00e1n","url":"https:\/\/colchonesdormidan.com\/blog\/","logo":{"@type":"ImageObject","inLanguage":"es","@id":"https:\/\/colchonesdormidan.com\/blog\/#\/schema\/logo\/image\/","url":"https:\/\/colchonesdormidan.com\/blog\/wp-content\/uploads\/2023\/11\/dormidan-logo.png","contentUrl":"https:\/\/colchonesdormidan.com\/blog\/wp-content\/uploads\/2023\/11\/dormidan-logo.png","width":300,"height":99,"caption":"Dormid\u00e1n"},"image":{"@id":"https:\/\/colchonesdormidan.com\/blog\/#\/schema\/logo\/image\/"}},{"@type":"Person","@id":"https:\/\/colchonesdormidan.com\/blog\/#\/schema\/person\/f90801b042dfe216fb8cf1c66234bb34","name":"Dormidan","image":{"@type":"ImageObject","inLanguage":"es","@id":"https:\/\/colchonesdormidan.com\/blog\/#\/schema\/person\/image\/","url":"https:\/\/secure.gravatar.com\/avatar\/97a7976cb7a4128bcad99d37cffc5d783c24c104f02d61068273325875b24ecc?s=96&d=mm&r=g","contentUrl":"https:\/\/secure.gravatar.com\/avatar\/97a7976cb7a4128bcad99d37cffc5d783c24c104f02d61068273325875b24ecc?s=96&d=mm&r=g","caption":"Dormidan"},"sameAs":["https:\/\/colchonesdormidan.com\/blog"]}]}},"_links":{"self":[{"href":"https:\/\/colchonesdormidan.com\/blog\/wp-json\/wp\/v2\/posts\/152","targetHints":{"allow":["GET"]}}],"collection":[{"href":"https:\/\/colchonesdormidan.com\/blog\/wp-json\/wp\/v2\/posts"}],"about":[{"href":"https:\/\/colchonesdormidan.com\/blog\/wp-json\/wp\/v2\/types\/post"}],"author":[{"embeddable":true,"href":"https:\/\/colchonesdormidan.com\/blog\/wp-json\/wp\/v2\/users\/1"}],"replies":[{"embeddable":true,"href":"https:\/\/colchonesdormidan.com\/blog\/wp-json\/wp\/v2\/comments?post=152"}],"version-history":[{"count":1,"href":"https:\/\/colchonesdormidan.com\/blog\/wp-json\/wp\/v2\/posts\/152\/revisions"}],"predecessor-version":[{"id":154,"href":"https:\/\/colchonesdormidan.com\/blog\/wp-json\/wp\/v2\/posts\/152\/revisions\/154"}],"wp:attachment":[{"href":"https:\/\/colchonesdormidan.com\/blog\/wp-json\/wp\/v2\/media?parent=152"}],"wp:term":[{"taxonomy":"category","embeddable":true,"href":"https:\/\/colchonesdormidan.com\/blog\/wp-json\/wp\/v2\/categories?post=152"},{"taxonomy":"post_tag","embeddable":true,"href":"https:\/\/colchonesdormidan.com\/blog\/wp-json\/wp\/v2\/tags?post=152"}],"curies":[{"name":"wp","href":"https:\/\/api.w.org\/{rel}","templated":true}]}}